{"id":1040,"date":"2014-03-06T17:33:59","date_gmt":"2014-03-06T16:33:59","guid":{"rendered":"http:\/\/www.jillpeters.de\/home\/?p=1040"},"modified":"2014-03-06T17:38:28","modified_gmt":"2014-03-06T16:38:28","slug":"fruehlingssonne","status":"publish","type":"post","link":"https:\/\/www.jillpeters.de\/home\/2014\/03\/fruehlingssonne\/","title":{"rendered":"Fr\u00fchlingssonne"},"content":{"rendered":"<p style=\"text-align: left;\"><!-- This default template simply inserts each image into the page --><img loading=\"lazy\" decoding=\"async\" class=\"aligncenter\" alt=\"\" src=\"https:\/\/www.jillpeters.de\/home\/wp-content\/uploads\/2014\/03\/wpid1038-20140306_home_14875.jpg\" width=\"800\" height=\"532\" \/><\/p>\n<blockquote>\n<p style=\"text-align: center;\"><strong>Er ist&#8217;s<\/strong><\/p>\n<p style=\"text-align: center;\">Fr\u00fchling l\u00e4sst sein blaues Band<br \/>\nWieder flattern durch die L\u00fcfte;<br \/>\nS\u00fc\u00dfe, wohlbekannte D\u00fcfte<br \/>\nStreifen ahnungsvoll das Land.<br \/>\nVeilchen tr\u00e4umen schon,<br \/>\nWollen balde kommen.<br \/>\n\u2014 Horch, von fern ein leiser Harfenton!<br \/>\nFr\u00fchling, ja du bist&#8217;s!<br \/>\nDich hab&#8216; ich vernommen!<\/p>\n<\/blockquote>\n<p style=\"text-align: center;\">Eduard M\u00f6rike<br \/>\n(Erstdruck 1828)<\/p>\n","protected":false},"excerpt":{"rendered":"<p>Er ist&#8217;s Fr\u00fchling l\u00e4sst sein blaues Band Wieder flattern durch die L\u00fcfte; S\u00fc\u00dfe, wohlbekannte D\u00fcfte Streifen ahnungsvoll das Land. Veilchen tr\u00e4umen schon, Wollen balde kommen. \u2014 Horch, von fern ein leiser Harfenton! Fr\u00fchling, ja du bist&#8217;s! Dich hab&#8216; ich vernommen! <span class=\"excerpt-dots\">&hellip;<\/span> <a class=\"more-link\" href=\"https:\/\/www.jillpeters.de\/home\/2014\/03\/fruehlingssonne\/\"><span class=\"more-msg\">Weiterlesen &rarr;<\/span><\/a><\/p>\n","protected":false},"author":1,"featured_media":1039,"comment_status":"open","ping_status":"open","sticky":false,"template":"","format":"standard","meta":{"ngg_post_thumbnail":0,"jetpack_post_was_ever_published":false,"_jetpack_newsletter_access":"","_jetpack_dont_email_post_to_subs":false,"_jetpack_newsletter_tier_id":0,"_jetpack_memberships_contains_paywalled_content":false,"_jetpack_memberships_contains_paid_content":false,"footnotes":"","jetpack_publicize_message":"","jetpack_publicize_feature_enabled":true,"jetpack_social_post_already_shared":true,"jetpack_social_options":{"image_generator_settings":{"template":"highway","default_image_id":0,"font":"","enabled":false},"version":2}},"categories":[4],"tags":[246,18,248,247],"class_list":["post-1040","post","type-post","status-publish","format-standard","has-post-thumbnail","hentry","category-tier","tag-fruehling","tag-katze","tag-maerz","tag-sonne"],"jetpack_publicize_connections":[],"jetpack_featured_media_url":"https:\/\/www.jillpeters.de\/home\/wp-content\/uploads\/2014\/03\/wpid1038-20140306_home_14875.jpg","jetpack_shortlink":"https:\/\/wp.me\/p2sPVv-gM","jetpack_sharing_enabled":true,"_links":{"self":[{"href":"https:\/\/www.jillpeters.de\/home\/wp-json\/wp\/v2\/posts\/1040","targetHints":{"allow":["GET"]}}],"collection":[{"href":"https:\/\/www.jillpeters.de\/home\/wp-json\/wp\/v2\/posts"}],"about":[{"href":"https:\/\/www.jillpeters.de\/home\/wp-json\/wp\/v2\/types\/post"}],"author":[{"embeddable":true,"href":"https:\/\/www.jillpeters.de\/home\/wp-json\/wp\/v2\/users\/1"}],"replies":[{"embeddable":true,"href":"https:\/\/www.jillpeters.de\/home\/wp-json\/wp\/v2\/comments?post=1040"}],"version-history":[{"count":2,"href":"https:\/\/www.jillpeters.de\/home\/wp-json\/wp\/v2\/posts\/1040\/revisions"}],"predecessor-version":[{"id":1042,"href":"https:\/\/www.jillpeters.de\/home\/wp-json\/wp\/v2\/posts\/1040\/revisions\/1042"}],"wp:featuredmedia":[{"embeddable":true,"href":"https:\/\/www.jillpeters.de\/home\/wp-json\/wp\/v2\/media\/1039"}],"wp:attachment":[{"href":"https:\/\/www.jillpeters.de\/home\/wp-json\/wp\/v2\/media?parent=1040"}],"wp:term":[{"taxonomy":"category","embeddable":true,"href":"https:\/\/www.jillpeters.de\/home\/wp-json\/wp\/v2\/categories?post=1040"},{"taxonomy":"post_tag","embeddable":true,"href":"https:\/\/www.jillpeters.de\/home\/wp-json\/wp\/v2\/tags?post=1040"}],"curies":[{"name":"wp","href":"https:\/\/api.w.org\/{rel}","templated":true}]}}